{"id":3673,"date":"2022-05-05T09:02:00","date_gmt":"2022-05-05T09:02:00","guid":{"rendered":"https:\/\/loving-ardinghelli.77-247-67-170.plesk.page\/?p=3673"},"modified":"2025-11-10T14:45:21","modified_gmt":"2025-11-10T14:45:21","slug":"klimasikring-ved-hjaelp-af-groenne-tage","status":"publish","type":"post","link":"https:\/\/natureimpact.com\/da\/nyheder\/klimasikring-ved-hjaelp-af-groenne-tage\/","title":{"rendered":"Klimasikring ved hj\u00e6lp af gr\u00f8nne tage kr\u00e6ver virkelige tests"},"content":{"rendered":"<div>\n<p>Gr\u00f8nne tage skal medt\u00e6nkes i fremtidens tagl\u00f8sninger, men vi mangler pr\u00e6cise m\u00e5linger p\u00e5 effekten. Danske afstr\u00f8mningsm\u00e5linger er hidtil lavet i klimakamre eller p\u00e5 testtage opsat til form\u00e5let, men det har DHI og Nature Impact nu \u00e6ndret p\u00e5: Klimasikring ved hj\u00e6lp af <a href=\"https:\/\/natureimpact.com\/da\/sedumtage\/\">gr\u00f8nne tage<\/a> skal m\u00e5les p\u00e5 virkelighedens tage i al slags vind og vejr.<\/p>\n<\/div>\n<div>Vi leder hele tiden efter nye m\u00e5der at implementere milj\u00f8venlige l\u00f8sninger p\u00e5. En af de mere omdiskuterede l\u00f8sninger er gr\u00f8nne tage, som kan optage og forsinke regnvand.<br \/>\nDanske m\u00e5linger er hidtil lavet p\u00e5 testtage skabt til form\u00e5let eller i klimakamre, som ikke tager h\u00f8jde for Danmarks omskiftelige vejr. Derfor har vi, som producent af gr\u00f8nne tage i samarbejde med DHI, lavet en r\u00e6kke regnm\u00e5linger p\u00e5 gr\u00f8nne tage p\u00e5 forskellige lokationer. M\u00e5lingerne kan afl\u00e6ses online, hvor man time for time kan f\u00f8lge med i, hvordan gr\u00f8nne tage pr\u00e6sterer ved b\u00e5de store og sm\u00e5 regnskyl \u00e5ret rundt.<\/div>\n<p><img decoding=\"async\" src=\"\/wp-content\/uploads\/2024\/05\/Regnmaaler_Lyngby-Taarbaek-forsyning.jpg\" alt=\"\"><\/p>\n<div>\u2013 Hvis vi vil lave klimasikring ved hj\u00e6lp af gr\u00f8nne tage i virkeligheden, skal de ogs\u00e5 testes i virkeligheden. Det danske vejr er omskifteligt, og der er ikke to \u00e5r, der er ens. Derfor er det ikke nok at opstille en r\u00e6kke testtage i en kort periode og derudfra konkludere, hvordan gr\u00f8nne tage pr\u00e6sterer, fort\u00e6ller vores CEO, Carl Johan K. Larsen.\n<\/div>\n<h2>M\u00e5linger, der er til at regne med<\/h2>\n<div>Nature Impact har i samarbejde med DHI lavet regnm\u00e5linger siden 2014 p\u00e5 to lokationer ved Lyngby-Taarb\u00e6k forsyning. Her tester de to l\u00f8sninger p\u00e5 fladt tag p\u00e5 henholdsvis 60 cm og 80 cm. Derudover m\u00e5ler de p\u00e5 en 20 graders l\u00f8sning p\u00e5 deres eget kontor i Ringe. De forskellige lokationer giver konkrete m\u00e5linger, som man kan regne med.<\/div>\n<p><img decoding=\"async\" src=\"\/wp-content\/uploads\/2024\/05\/Tag_slope_rain-1.jpg\" alt=\"\"><\/p>\n<div>\n<p>\u2013 Kritikken af gr\u00f8nne tage har ofte v\u00e6ret, at de ikke fungerer ved de helt store regnh\u00e6ndelser, og det kan v\u00e6re sv\u00e6rt at modbevise med m\u00e5linger, der er foretaget i klimakamre og skabt til form\u00e5let. Med vores m\u00e5linger kan vi g\u00e5 ind og kigge p\u00e5 hver enkelt regnh\u00e6ndelse og f\u00f8lge den time for time for at se, hvor l\u00e6nge regnvandet blev holdt tilbage netop der. Kort fortalt kan vi se, hvordan tagene fungerer i virkeligheden \u2013 b\u00e5de sommer, vinter og alt derimellem, fort\u00e6ller Carl Johan K. Larsen og forts\u00e6tter:<\/p>\n<p>\u2013 Gr\u00f8nne tage er foranderlige, og man er n\u00f8dt til at have noget data, som er testet i fuld skala og i realtime. Og s\u00e5 skal det v\u00e6re lokalt. Der findes lignende m\u00e5linger andre steder i verden, men det kan vi ikke bruge til noget i forhold til det danske klima, forklarer Carl Johan K. Larsen<\/p>\n<\/div>\n<h2>Gr\u00f8nne tage er fremtiden<\/h2>\n<div>\n<p>Hos DHI er man glade for samarbejdet og de pr\u00e6cise m\u00e5linger. If\u00f8lge forskningschef hos DHI, Ole Mark, er de gr\u00f8nne tage den klimasikring, vi har brug for:<\/p>\n<p>\u2013 De gr\u00f8nne tage er fremtiden og b\u00f8r indt\u00e6nkes i alle nybyggerier. Tyskland har l\u00e6nge v\u00e6ret f\u00f8rende p\u00e5 gr\u00f8nne tage, og vi b\u00f8r f\u00f8lge trop her i Danmark. Det giver ingen mening at risikere kloakoversv\u00f8mmelser, n\u00e5r vi kan undg\u00e5 det, fort\u00e6ller Ole Mark.<\/p>\n<\/div>\n<p><img decoding=\"async\" src=\"\/wp-content\/uploads\/2024\/05\/Rain-CPH-1.jpg\" alt=\"\"><\/p>\n<div>\n<p>N\u00e5r det regner voldsomt, kan vores kloaksystemer ikke f\u00f8lge med, og det resulterer i oversv\u00f8mmelser.<\/p>\n<p>\u2013 De gr\u00f8nne tage optager en del af regnvandet. Derudover forsinker de det resterende regnvand i s\u00e5 mange timer, at vandet f\u00f8rst l\u00f8ber ned i afl\u00f8bet, n\u00e5r der igen er plads. Vi har m\u00e5linger, der viser, at der kan g\u00e5 omkring 2,5 timer fra en regnh\u00e6ndelse begynder, til de gr\u00f8nne tage begynder at lade det resterende regnvand sive ud, afslutter Ole Mark.<\/p>\n<p>Vi forsts\u00e6tter med at f\u00f8re daglige regnm\u00e5linger, s\u00e5 vi p\u00e5 sigt kan vise et kvantitativt studie i gr\u00f8nne tages effekt \u00e5r efter \u00e5r.<\/p>\n<\/div>\n<p><p>\n        <a href=\"\/da\/sedumtage\/vandtilbagehold-og-lokal-afledning-af-regnvand-lar\/\">L\u00e6s mere om LAR<\/a>\n    <\/p>\n<\/p>\n<p><p>\n        <a href=\"\/da\/sedumtage\/faq\/\">L\u00e6s vores FAQ om gr\u00f8nne tage<\/a>\n    <\/p>\n<\/p>\n<div>Seneste nyt<\/div>\n<div>\n<\/div>\n<div>\n<div style=\"float:right;\">\n<span><span><a href=\"https:\/\/natureimpact.com\/da\/\">Forside<\/a><\/span><\/span>\n<\/div>\n<\/div>\n<hr>\n<p><!--more--><br \/>\n<!-- {\"type\":\"layout\",\"children\":[{\"type\":\"section\",\"props\":{\"animation\":\"fade\",\"header_transparent\":false,\"header_transparent_noplaceholder\":false,\"height\":\"viewport\",\"height_offset_top\":true,\"image_effect\":\"parallax\",\"image_loading\":true,\"image_parallax_bgy\":\"40vh\",\"image_position\":\"top-center\",\"image_size\":\"cover\",\"image_width\":\"2560\",\"media_overlay\":\"rgba(0, 0, 0, 0.75)\",\"media_overlay_parallax_opacity\":\"0.4,1\",\"padding_remove_bottom\":false,\"padding_remove_horizontal\":false,\"padding_remove_top\":false,\"style\":\"default\",\"text_color\":\"light\",\"title_breakpoint\":\"xl\",\"title_position\":\"top-left\",\"title_rotation\":\"left\",\"vertical_align\":\"bottom\",\"width\":\"default\"},\"children\":[{\"type\":\"row\",\"props\":{\"margin\":\"xlarge\",\"width\":\"default\"},\"children\":[{\"type\":\"column\",\"props\":{\"image_position\":\"center-center\",\"position_sticky_breakpoint\":\"m\",\"vertical_align\":\"bottom\"},\"children\":[{\"type\":\"headline\",\"props\":{\"animation\":\"none\",\"blend\":false,\"title_element\":\"h1\",\"title_style\":\"heading-small\"},\"source\":{\"query\":{\"name\":\"posts.singlePost\"},\"props\":{\"content\":{\"filters\":{\"search\":\"\"},\"name\":\"title\"}}}},{\"type\":\"headline\",\"props\":{\"margin\":\"remove-vertical\",\"title_element\":\"div\",\"title_style\":\"h4\"},\"source\":{\"query\":{\"name\":\"posts.singlePost\"},\"props\":{\"content\":{\"filters\":{\"search\":\"\",\"date\":\"\"},\"name\":\"date\"}}}}]}]}],\"name\":\"Hero\",\"source\":{\"query\":{\"name\":\"posts.singlePost\"},\"props\":{\"image\":{\"filters\":{\"search\":\"\"},\"name\":\"featuredImage.url\"}}}},{\"type\":\"section\",\"props\":{\"animation\":\"fade\",\"image_position\":\"center-center\",\"padding\":\"large\",\"style\":\"default\",\"title_breakpoint\":\"xl\",\"title_position\":\"top-left\",\"title_rotation\":\"left\",\"vertical_align\":\"\",\"width\":\"default\"},\"children\":[{\"type\":\"row\",\"props\":{\"column_gap\":\"large\",\"layout\":\"3-4,1-4\",\"margin\":\"xlarge\",\"row_gap\":\"large\",\"width\":\"default\"},\"children\":[{\"type\":\"column\",\"props\":{\"image_position\":\"center-center\",\"position_sticky_breakpoint\":\"m\",\"width_medium\":\"3-4\"},\"children\":[{\"type\":\"text\",\"props\":{\"block_align\":\"center\",\"column_breakpoint\":\"m\",\"content\":\"\n\n<p>Gr\\u00f8nne tage skal medt\\u00e6nkes i fremtidens tagl\\u00f8sninger, men vi mangler pr\\u00e6cise m\\u00e5linger p\\u00e5 effekten. Danske afstr\\u00f8mningsm\\u00e5linger er hidtil lavet i klimakamre eller p\\u00e5 testtage opsat til form\\u00e5let, men det har DHI og Nature Impact nu \\u00e6ndret p\\u00e5: Klimasikring ved hj\\u00e6lp af <a href=\\\"https:\\\/\\\/natureimpact.com\\\/da\\\/sedumtage\\\/\\\">gr\\u00f8nne tage<\\\/a> skal m\\u00e5les p\\u00e5 virkelighedens tage i al slags vind og vejr.<\\\/p>\",\"margin\":\"default\",\"text_color\":\"emphasis\"}},{\"type\":\"text\",\"props\":{\"column_breakpoint\":\"m\",\"content\":\"Vi leder hele tiden efter nye m\\u00e5der at implementere milj\\u00f8venlige l\\u00f8sninger p\\u00e5. En af de mere omdiskuterede l\\u00f8sninger er gr\\u00f8nne tage, som kan optage og forsinke regnvand.\\nDanske m\\u00e5linger er hidtil lavet p\\u00e5 testtage skabt til form\\u00e5let eller i klimakamre, som ikke tager h\\u00f8jde for Danmarks omskiftelige vejr. Derfor har vi, som producent af gr\\u00f8nne tage i samarbejde med DHI, lavet en r\\u00e6kke regnm\\u00e5linger p\\u00e5 gr\\u00f8nne tage p\\u00e5 forskellige lokationer. M\\u00e5lingerne kan afl\\u00e6ses online, hvor man time for time kan f\\u00f8lge med i, hvordan gr\\u00f8nne tage pr\\u00e6sterer ved b\\u00e5de store og sm\\u00e5 regnskyl \\u00e5ret rundt.\",\"margin\":\"default\"}},{\"type\":\"image\",\"props\":{\"image\":\"wp-content\\\/uploads\\\/2024\\\/05\\\/Regnmaaler_Lyngby-Taarbaek-forsyning.jpg\",\"image_box_decoration\":\"secondary\",\"image_box_shadow\":\"large\",\"image_loading\":true,\"image_svg_color\":\"emphasis\",\"margin\":\"medium\"}},{\"type\":\"text\",\"props\":{\"column_breakpoint\":\"m\",\"content\":\"\\u2013 Hvis vi vil lave klimasikring ved hj\\u00e6lp af gr\\u00f8nne tage i virkeligheden, skal de ogs\\u00e5 testes i virkeligheden. Det danske vejr er omskifteligt, og der er ikke to \\u00e5r, der er ens. Derfor er det ikke nok at opstille en r\\u00e6kke testtage i en kort periode og derudfra konkludere, hvordan gr\\u00f8nne tage pr\\u00e6sterer, fort\\u00e6ller vores CEO, Carl Johan K. Larsen.\\n\",\"margin\":\"default\"}},{\"type\":\"headline\",\"props\":{\"content\":\"M\\u00e5linger, der er til at regne med\",\"title_element\":\"h2\"}},{\"type\":\"text\",\"props\":{\"column_breakpoint\":\"m\",\"content\":\"Nature Impact har i samarbejde med DHI lavet regnm\\u00e5linger siden 2014 p\\u00e5 to lokationer ved Lyngby-Taarb\\u00e6k forsyning. Her tester de to l\\u00f8sninger p\\u00e5 fladt tag p\\u00e5 henholdsvis 60 cm og 80 cm. Derudover m\\u00e5ler de p\\u00e5 en 20 graders l\\u00f8sning p\\u00e5 deres eget kontor i Ringe. De forskellige lokationer giver konkrete m\\u00e5linger, som man kan regne med.\",\"margin\":\"default\"}},{\"type\":\"image\",\"props\":{\"image\":\"wp-content\\\/uploads\\\/2024\\\/05\\\/Tag_slope_rain-1.jpg\",\"image_box_decoration\":\"secondary\",\"image_box_shadow\":\"large\",\"image_loading\":true,\"image_svg_color\":\"emphasis\",\"margin\":\"medium\"}},{\"type\":\"text\",\"props\":{\"column_breakpoint\":\"m\",\"content\":\"\n\n<p>\\u2013 Kritikken af gr\\u00f8nne tage har ofte v\\u00e6ret, at de ikke fungerer ved de helt store regnh\\u00e6ndelser, og det kan v\\u00e6re sv\\u00e6rt at modbevise med m\\u00e5linger, der er foretaget i klimakamre og skabt til form\\u00e5let. Med vores m\\u00e5linger kan vi g\\u00e5 ind og kigge p\\u00e5 hver enkelt regnh\\u00e6ndelse og f\\u00f8lge den time for time for at se, hvor l\\u00e6nge regnvandet blev holdt tilbage netop der. Kort fortalt kan vi se, hvordan tagene fungerer i virkeligheden \\u2013 b\\u00e5de sommer, vinter og alt derimellem, fort\\u00e6ller Carl Johan K. Larsen og forts\\u00e6tter:<\\\/p>\\n\n\n<p>\\u2013 Gr\\u00f8nne tage er foranderlige, og man er n\\u00f8dt til at have noget data, som er testet i fuld skala og i realtime. Og s\\u00e5 skal det v\\u00e6re lokalt. Der findes lignende m\\u00e5linger andre steder i verden, men det kan vi ikke bruge til noget i forhold til det danske klima, forklarer Carl Johan K. Larsen<\\\/p>\",\"margin\":\"default\"}},{\"type\":\"headline\",\"props\":{\"content\":\"Gr\\u00f8nne tage er fremtiden\",\"title_element\":\"h2\"}},{\"type\":\"text\",\"props\":{\"column_breakpoint\":\"m\",\"content\":\"\n\n<p>Hos DHI er man glade for samarbejdet og de pr\\u00e6cise m\\u00e5linger. If\\u00f8lge forskningschef hos DHI, Ole Mark, er de gr\\u00f8nne tage den klimasikring, vi har brug for:<\\\/p>\\n\n\n<p>\\u2013 De gr\\u00f8nne tage er fremtiden og b\\u00f8r indt\\u00e6nkes i alle nybyggerier. Tyskland har l\\u00e6nge v\\u00e6ret f\\u00f8rende p\\u00e5 gr\\u00f8nne tage, og vi b\\u00f8r f\\u00f8lge trop her i Danmark. Det giver ingen mening at risikere kloakoversv\\u00f8mmelser, n\\u00e5r vi kan undg\\u00e5 det, fort\\u00e6ller Ole Mark.<\\\/p>\",\"margin\":\"default\"}},{\"type\":\"image\",\"props\":{\"image\":\"wp-content\\\/uploads\\\/2024\\\/05\\\/Rain-CPH-1.jpg\",\"image_box_decoration\":\"secondary\",\"image_box_shadow\":\"large\",\"image_loading\":true,\"image_svg_color\":\"emphasis\",\"margin\":\"medium\"}},{\"type\":\"text\",\"props\":{\"column_breakpoint\":\"m\",\"content\":\"\n\n<p>N\\u00e5r det regner voldsomt, kan vores kloaksystemer ikke f\\u00f8lge med, og det resulterer i oversv\\u00f8mmelser.<\\\/p>\\n\n\n<p>\\u2013 De gr\\u00f8nne tage optager en del af regnvandet. Derudover forsinker de det resterende regnvand i s\\u00e5 mange timer, at vandet f\\u00f8rst l\\u00f8ber ned i afl\\u00f8bet, n\\u00e5r der igen er plads. Vi har m\\u00e5linger, der viser, at der kan g\\u00e5 omkring 2,5 timer fra en regnh\\u00e6ndelse begynder, til de gr\\u00f8nne tage begynder at lade det resterende regnvand sive ud, afslutter Ole Mark.<\\\/p>\\n\n\n<p>Vi forsts\\u00e6tter med at f\\u00f8re daglige regnm\\u00e5linger, s\\u00e5 vi p\\u00e5 sigt kan vise et kvantitativt studie i gr\\u00f8nne tages effekt \\u00e5r efter \\u00e5r.<\\\/p>\",\"margin\":\"default\"}},{\"type\":\"button\",\"props\":{\"grid_column_gap\":\"small\",\"grid_row_gap\":\"small\",\"margin\":\"default\"},\"children\":[{\"type\":\"button_item\",\"props\":{\"button_style\":\"default\",\"content\":\"L\\u00e6s mere om LAR\",\"dialog_layout\":\"modal\",\"dialog_offcanvas_flip\":true,\"icon_align\":\"left\",\"link\":\"da\\\/sedumtage\\\/vandtilbagehold-og-lokal-afledning-af-regnvand-lar\\\/\"}}]},{\"type\":\"button\",\"props\":{\"grid_column_gap\":\"small\",\"grid_row_gap\":\"small\",\"margin\":\"default\"},\"children\":[{\"type\":\"button_item\",\"props\":{\"button_style\":\"default\",\"content\":\"L\\u00e6s vores FAQ om gr\\u00f8nne tage\",\"dialog_layout\":\"modal\",\"dialog_offcanvas_flip\":true,\"icon_align\":\"left\",\"link\":\"da\\\/sedumtage\\\/faq\\\/\"}}]}]},{\"type\":\"column\",\"props\":{\"image_position\":\"center-center\",\"position_sticky\":\"section\",\"position_sticky_breakpoint\":\"m\",\"position_sticky_offset\":\"150px\",\"width_medium\":\"1-4\"},\"children\":[{\"type\":\"headline\",\"props\":{\"block_align\":\"center\",\"content\":\"Seneste nyt\",\"margin\":\"medium\",\"maxwidth\":\"medium\",\"maxwidth_breakpoint\":\"m\",\"title_element\":\"div\",\"title_style\":\"h2\"}},{\"type\":\"grid\",\"props\":{\"block_align\":\"center\",\"content_column_breakpoint\":\"m\",\"filter_align\":\"left\",\"filter_all\":true,\"filter_grid_breakpoint\":\"m\",\"filter_grid_width\":\"auto\",\"filter_position\":\"top\",\"filter_style\":\"tab\",\"grid_default\":\"1\",\"grid_divider\":false,\"grid_medium\":\"1\",\"grid_small\":\"3\",\"icon_width\":80,\"image_align\":\"top\",\"image_grid_breakpoint\":\"m\",\"image_grid_width\":\"1-2\",\"image_svg_color\":\"emphasis\",\"item_animation\":true,\"lightbox_bg_close\":true,\"link_style\":\"default\",\"link_target\":false,\"link_text\":\"\",\"margin\":\"default\",\"maxwidth\":\"medium\",\"maxwidth_breakpoint\":\"m\",\"meta_align\":\"above-title\",\"meta_element\":\"div\",\"meta_style\":\"text-meta\",\"show_content\":true,\"show_hover_image\":true,\"show_hover_video\":true,\"show_image\":true,\"show_link\":true,\"show_meta\":true,\"show_title\":true,\"show_video\":true,\"text_align\":\"left\",\"title_align\":\"top\",\"title_element\":\"div\",\"title_grid_breakpoint\":\"m\",\"title_grid_width\":\"1-2\",\"title_hover_style\":\"heading\",\"title_link\":true,\"title_margin\":\"small\",\"title_style\":\"h5\"},\"children\":[{\"type\":\"grid_item\",\"source\":{\"query\":{\"name\":\"categories.customCategory\",\"arguments\":{\"id\":1},\"field\":{\"name\":\"parent.posts\",\"arguments\":{\"offset\":0,\"limit\":4,\"order\":\"date\",\"order_direction\":\"DESC\"}}},\"props\":{\"title\":{\"filters\":{\"search\":\"\"},\"name\":\"title\"},\"meta\":{\"filters\":{\"search\":\"\",\"date\":\"\"},\"name\":\"date\"},\"link\":{\"filters\":{\"search\":\"\"},\"name\":\"link\"}}}}],\"source\":{\"query\":{\"name\":\"posts.customPosts\",\"arguments\":{\"terms\":[1],\"category_operator\":\"IN\",\"post_tag_operator\":\"IN\",\"users\":[],\"users_operator\":\"IN\",\"offset\":0,\"limit\":10,\"order\":\"date\",\"order_direction\":\"DESC\"}}}}]}]}],\"name\":\"Post\"},{\"type\":\"section\",\"props\":{\"image_position\":\"center-center\",\"padding\":\"xsmall\",\"style\":\"primary\",\"title_breakpoint\":\"xl\",\"title_position\":\"top-left\",\"title_rotation\":\"left\",\"vertical_align\":\"middle\",\"width\":\"default\"},\"children\":[{\"type\":\"row\",\"children\":[{\"type\":\"column\",\"props\":{\"image_position\":\"center-center\",\"position_sticky_breakpoint\":\"m\"},\"children\":[{\"type\":\"html\",\"props\":{\"content\":\"\\n\n\n<div style=\\\"float:right;\\\">\\n[wpseo_breadcrumb]\\n<\\\/div>\"}}]}]},{\"type\":\"row\",\"props\":{\"margin\":\"small\",\"margin_remove_top\":false},\"children\":[{\"type\":\"column\",\"props\":{\"image_position\":\"center-center\",\"position_sticky_breakpoint\":\"m\"},\"children\":[{\"type\":\"divider\",\"props\":{\"divider_element\":\"hr\"}}]}]}],\"name\":\"Yoast br\\u00f8dkrumme over footer\"}],\"version\":\"4.5.27\"} --><\/p>\n","protected":false},"excerpt":{"rendered":"<p>Gr\u00f8nne tage skal medt\u00e6nkes i fremtidens tagl\u00f8sninger, men vi mangler pr\u00e6cise m\u00e5linger p\u00e5 effekten. Danske afstr\u00f8mningsm\u00e5linger er hidtil lavet i klimakamre eller p\u00e5 testtage opsat til form\u00e5let, men det har DHI og Nature Impact nu \u00e6ndret p\u00e5: Klimasikring ved hj\u00e6lp af gr\u00f8nne tage skal m\u00e5les p\u00e5 virkelighedens tage i al slags vind og vejr. Vi [&hellip;]<\/p>\n","protected":false},"author":1,"featured_media":3674,"comment_status":"closed","ping_status":"open","sticky":false,"template":"","format":"standard","meta":{"_acf_changed":false,"footnotes":""},"categories":[1],"tags":[],"class_list":["post-3673","post","type-post","status-publish","format-standard","has-post-thumbnail","hentry","category-nyheder"],"acf":[],"yoast_head":"<!-- This site is optimized with the Yoast SEO plugin v27.4 - https:\/\/yoast.com\/product\/yoast-seo-wordpress\/ -->\n<title>Klimasikring ved hj\u00e6lp af gr\u00f8nne tage kr\u00e6ver virkelige tests - Nature Impact<\/title>\n<meta name=\"description\" content=\"Et moderne sedumtag kan give klimasikring ved at beskytte mod ekstrem nedb\u00f8r. L\u00e6s om vores m\u00e5linger og samarbejde med DMI her.\" \/>\n<meta name=\"robots\" content=\"index, follow, max-snippet:-1, max-image-preview:large, max-video-preview:-1\" \/>\n<link rel=\"canonical\" href=\"https:\/\/natureimpact.com\/da\/nyheder\/klimasikring-ved-hjaelp-af-groenne-tage\/\" \/>\n<meta property=\"og:locale\" content=\"da_DK\" \/>\n<meta property=\"og:type\" content=\"article\" \/>\n<meta property=\"og:title\" content=\"Klimasikring ved hj\u00e6lp af gr\u00f8nne tage kr\u00e6ver virkelige tests - Nature Impact\" \/>\n<meta property=\"og:description\" content=\"Et moderne sedumtag kan give klimasikring ved at beskytte mod ekstrem nedb\u00f8r. L\u00e6s om vores m\u00e5linger og samarbejde med DMI her.\" \/>\n<meta property=\"og:url\" content=\"https:\/\/natureimpact.com\/da\/nyheder\/klimasikring-ved-hjaelp-af-groenne-tage\/\" \/>\n<meta property=\"og:site_name\" content=\"Nature Impact\" \/>\n<meta property=\"article:published_time\" content=\"2022-05-05T09:02:00+00:00\" \/>\n<meta property=\"article:modified_time\" content=\"2025-11-10T14:45:21+00:00\" \/>\n<meta property=\"og:image\" content=\"https:\/\/natureimpact.com\/wp-content\/uploads\/2024\/05\/Tag_slope_rain.jpg\" \/>\n\t<meta property=\"og:image:width\" content=\"1200\" \/>\n\t<meta property=\"og:image:height\" content=\"900\" \/>\n\t<meta property=\"og:image:type\" content=\"image\/jpeg\" \/>\n<meta name=\"author\" content=\"nature\" \/>\n<meta name=\"twitter:card\" content=\"summary_large_image\" \/>\n<meta name=\"twitter:label1\" content=\"Skrevet af\" \/>\n\t<meta name=\"twitter:data1\" content=\"nature\" \/>\n\t<meta name=\"twitter:label2\" content=\"Estimeret l\u00e6setid\" \/>\n\t<meta name=\"twitter:data2\" content=\"5 minutter\" \/>\n<script type=\"application\/ld+json\" class=\"yoast-schema-graph\">{\"@context\":\"https:\\\/\\\/schema.org\",\"@graph\":[{\"@type\":\"Article\",\"@id\":\"https:\\\/\\\/natureimpact.com\\\/da\\\/nyheder\\\/klimasikring-ved-hjaelp-af-groenne-tage\\\/#article\",\"isPartOf\":{\"@id\":\"https:\\\/\\\/natureimpact.com\\\/da\\\/nyheder\\\/klimasikring-ved-hjaelp-af-groenne-tage\\\/\"},\"author\":{\"name\":\"nature\",\"@id\":\"https:\\\/\\\/natureimpact.com\\\/da\\\/#\\\/schema\\\/person\\\/fc9fc593ca8242fdea4c2a053f947115\"},\"headline\":\"Klimasikring ved hj\u00e6lp af gr\u00f8nne tage kr\u00e6ver virkelige tests\",\"datePublished\":\"2022-05-05T09:02:00+00:00\",\"dateModified\":\"2025-11-10T14:45:21+00:00\",\"mainEntityOfPage\":{\"@id\":\"https:\\\/\\\/natureimpact.com\\\/da\\\/nyheder\\\/klimasikring-ved-hjaelp-af-groenne-tage\\\/\"},\"wordCount\":703,\"publisher\":{\"@id\":\"https:\\\/\\\/natureimpact.com\\\/da\\\/#organization\"},\"image\":{\"@id\":\"https:\\\/\\\/natureimpact.com\\\/da\\\/nyheder\\\/klimasikring-ved-hjaelp-af-groenne-tage\\\/#primaryimage\"},\"thumbnailUrl\":\"https:\\\/\\\/natureimpact.com\\\/wp-content\\\/uploads\\\/2024\\\/05\\\/Tag_slope_rain.jpg\",\"articleSection\":[\"Nyheder\"],\"inLanguage\":\"da-DK\"},{\"@type\":\"WebPage\",\"@id\":\"https:\\\/\\\/natureimpact.com\\\/da\\\/nyheder\\\/klimasikring-ved-hjaelp-af-groenne-tage\\\/\",\"url\":\"https:\\\/\\\/natureimpact.com\\\/da\\\/nyheder\\\/klimasikring-ved-hjaelp-af-groenne-tage\\\/\",\"name\":\"Klimasikring ved hj\u00e6lp af gr\u00f8nne tage kr\u00e6ver virkelige tests - Nature Impact\",\"isPartOf\":{\"@id\":\"https:\\\/\\\/natureimpact.com\\\/da\\\/#website\"},\"primaryImageOfPage\":{\"@id\":\"https:\\\/\\\/natureimpact.com\\\/da\\\/nyheder\\\/klimasikring-ved-hjaelp-af-groenne-tage\\\/#primaryimage\"},\"image\":{\"@id\":\"https:\\\/\\\/natureimpact.com\\\/da\\\/nyheder\\\/klimasikring-ved-hjaelp-af-groenne-tage\\\/#primaryimage\"},\"thumbnailUrl\":\"https:\\\/\\\/natureimpact.com\\\/wp-content\\\/uploads\\\/2024\\\/05\\\/Tag_slope_rain.jpg\",\"datePublished\":\"2022-05-05T09:02:00+00:00\",\"dateModified\":\"2025-11-10T14:45:21+00:00\",\"description\":\"Et moderne sedumtag kan give klimasikring ved at beskytte mod ekstrem nedb\u00f8r. L\u00e6s om vores m\u00e5linger og samarbejde med DMI her.\",\"breadcrumb\":{\"@id\":\"https:\\\/\\\/natureimpact.com\\\/da\\\/nyheder\\\/klimasikring-ved-hjaelp-af-groenne-tage\\\/#breadcrumb\"},\"inLanguage\":\"da-DK\",\"potentialAction\":[{\"@type\":\"ReadAction\",\"target\":[\"https:\\\/\\\/natureimpact.com\\\/da\\\/nyheder\\\/klimasikring-ved-hjaelp-af-groenne-tage\\\/\"]}]},{\"@type\":\"ImageObject\",\"inLanguage\":\"da-DK\",\"@id\":\"https:\\\/\\\/natureimpact.com\\\/da\\\/nyheder\\\/klimasikring-ved-hjaelp-af-groenne-tage\\\/#primaryimage\",\"url\":\"https:\\\/\\\/natureimpact.com\\\/wp-content\\\/uploads\\\/2024\\\/05\\\/Tag_slope_rain.jpg\",\"contentUrl\":\"https:\\\/\\\/natureimpact.com\\\/wp-content\\\/uploads\\\/2024\\\/05\\\/Tag_slope_rain.jpg\",\"width\":1200,\"height\":900},{\"@type\":\"BreadcrumbList\",\"@id\":\"https:\\\/\\\/natureimpact.com\\\/da\\\/nyheder\\\/klimasikring-ved-hjaelp-af-groenne-tage\\\/#breadcrumb\",\"itemListElement\":[{\"@type\":\"ListItem\",\"position\":1,\"name\":\"Forside\",\"item\":\"https:\\\/\\\/natureimpact.com\\\/da\\\/\"},{\"@type\":\"ListItem\",\"position\":2,\"name\":\"Klimasikring ved hj\u00e6lp af gr\u00f8nne tage kr\u00e6ver virkelige tests\"}]},{\"@type\":\"WebSite\",\"@id\":\"https:\\\/\\\/natureimpact.com\\\/da\\\/#website\",\"url\":\"https:\\\/\\\/natureimpact.com\\\/da\\\/\",\"name\":\"Nature Impact\",\"description\":\"\",\"publisher\":{\"@id\":\"https:\\\/\\\/natureimpact.com\\\/da\\\/#organization\"},\"potentialAction\":[{\"@type\":\"SearchAction\",\"target\":{\"@type\":\"EntryPoint\",\"urlTemplate\":\"https:\\\/\\\/natureimpact.com\\\/da\\\/?s={search_term_string}\"},\"query-input\":{\"@type\":\"PropertyValueSpecification\",\"valueRequired\":true,\"valueName\":\"search_term_string\"}}],\"inLanguage\":\"da-DK\"},{\"@type\":\"Organization\",\"@id\":\"https:\\\/\\\/natureimpact.com\\\/da\\\/#organization\",\"name\":\"Nature Impact\",\"url\":\"https:\\\/\\\/natureimpact.com\\\/da\\\/\",\"logo\":{\"@type\":\"ImageObject\",\"inLanguage\":\"da-DK\",\"@id\":\"https:\\\/\\\/natureimpact.com\\\/da\\\/#\\\/schema\\\/logo\\\/image\\\/\",\"url\":\"https:\\\/\\\/natureimpact.com\\\/wp-content\\\/uploads\\\/2025\\\/05\\\/NI_900px.png\",\"contentUrl\":\"https:\\\/\\\/natureimpact.com\\\/wp-content\\\/uploads\\\/2025\\\/05\\\/NI_900px.png\",\"width\":929,\"height\":841,\"caption\":\"Nature Impact\"},\"image\":{\"@id\":\"https:\\\/\\\/natureimpact.com\\\/da\\\/#\\\/schema\\\/logo\\\/image\\\/\"}},{\"@type\":\"Person\",\"@id\":\"https:\\\/\\\/natureimpact.com\\\/da\\\/#\\\/schema\\\/person\\\/fc9fc593ca8242fdea4c2a053f947115\",\"name\":\"nature\",\"image\":{\"@type\":\"ImageObject\",\"inLanguage\":\"da-DK\",\"@id\":\"https:\\\/\\\/secure.gravatar.com\\\/avatar\\\/af213d8d9e624f500c340ee7c072af8a4460782a3df0188bb971f9e12e0a9107?s=96&d=mm&r=g\",\"url\":\"https:\\\/\\\/secure.gravatar.com\\\/avatar\\\/af213d8d9e624f500c340ee7c072af8a4460782a3df0188bb971f9e12e0a9107?s=96&d=mm&r=g\",\"contentUrl\":\"https:\\\/\\\/secure.gravatar.com\\\/avatar\\\/af213d8d9e624f500c340ee7c072af8a4460782a3df0188bb971f9e12e0a9107?s=96&d=mm&r=g\",\"caption\":\"nature\"},\"sameAs\":[\"https:\\\/\\\/natureimpact.com\\\/da\\\/\"]}]}<\/script>\n<!-- \/ Yoast SEO plugin. -->","yoast_head_json":{"title":"Klimasikring ved hj\u00e6lp af gr\u00f8nne tage kr\u00e6ver virkelige tests - Nature Impact","description":"Et moderne sedumtag kan give klimasikring ved at beskytte mod ekstrem nedb\u00f8r. L\u00e6s om vores m\u00e5linger og samarbejde med DMI her.","robots":{"index":"index","follow":"follow","max-snippet":"max-snippet:-1","max-image-preview":"max-image-preview:large","max-video-preview":"max-video-preview:-1"},"canonical":"https:\/\/natureimpact.com\/da\/nyheder\/klimasikring-ved-hjaelp-af-groenne-tage\/","og_locale":"da_DK","og_type":"article","og_title":"Klimasikring ved hj\u00e6lp af gr\u00f8nne tage kr\u00e6ver virkelige tests - Nature Impact","og_description":"Et moderne sedumtag kan give klimasikring ved at beskytte mod ekstrem nedb\u00f8r. L\u00e6s om vores m\u00e5linger og samarbejde med DMI her.","og_url":"https:\/\/natureimpact.com\/da\/nyheder\/klimasikring-ved-hjaelp-af-groenne-tage\/","og_site_name":"Nature Impact","article_published_time":"2022-05-05T09:02:00+00:00","article_modified_time":"2025-11-10T14:45:21+00:00","og_image":[{"width":1200,"height":900,"url":"https:\/\/natureimpact.com\/wp-content\/uploads\/2024\/05\/Tag_slope_rain.jpg","type":"image\/jpeg"}],"author":"nature","twitter_card":"summary_large_image","twitter_misc":{"Skrevet af":"nature","Estimeret l\u00e6setid":"5 minutter"},"schema":{"@context":"https:\/\/schema.org","@graph":[{"@type":"Article","@id":"https:\/\/natureimpact.com\/da\/nyheder\/klimasikring-ved-hjaelp-af-groenne-tage\/#article","isPartOf":{"@id":"https:\/\/natureimpact.com\/da\/nyheder\/klimasikring-ved-hjaelp-af-groenne-tage\/"},"author":{"name":"nature","@id":"https:\/\/natureimpact.com\/da\/#\/schema\/person\/fc9fc593ca8242fdea4c2a053f947115"},"headline":"Klimasikring ved hj\u00e6lp af gr\u00f8nne tage kr\u00e6ver virkelige tests","datePublished":"2022-05-05T09:02:00+00:00","dateModified":"2025-11-10T14:45:21+00:00","mainEntityOfPage":{"@id":"https:\/\/natureimpact.com\/da\/nyheder\/klimasikring-ved-hjaelp-af-groenne-tage\/"},"wordCount":703,"publisher":{"@id":"https:\/\/natureimpact.com\/da\/#organization"},"image":{"@id":"https:\/\/natureimpact.com\/da\/nyheder\/klimasikring-ved-hjaelp-af-groenne-tage\/#primaryimage"},"thumbnailUrl":"https:\/\/natureimpact.com\/wp-content\/uploads\/2024\/05\/Tag_slope_rain.jpg","articleSection":["Nyheder"],"inLanguage":"da-DK"},{"@type":"WebPage","@id":"https:\/\/natureimpact.com\/da\/nyheder\/klimasikring-ved-hjaelp-af-groenne-tage\/","url":"https:\/\/natureimpact.com\/da\/nyheder\/klimasikring-ved-hjaelp-af-groenne-tage\/","name":"Klimasikring ved hj\u00e6lp af gr\u00f8nne tage kr\u00e6ver virkelige tests - Nature Impact","isPartOf":{"@id":"https:\/\/natureimpact.com\/da\/#website"},"primaryImageOfPage":{"@id":"https:\/\/natureimpact.com\/da\/nyheder\/klimasikring-ved-hjaelp-af-groenne-tage\/#primaryimage"},"image":{"@id":"https:\/\/natureimpact.com\/da\/nyheder\/klimasikring-ved-hjaelp-af-groenne-tage\/#primaryimage"},"thumbnailUrl":"https:\/\/natureimpact.com\/wp-content\/uploads\/2024\/05\/Tag_slope_rain.jpg","datePublished":"2022-05-05T09:02:00+00:00","dateModified":"2025-11-10T14:45:21+00:00","description":"Et moderne sedumtag kan give klimasikring ved at beskytte mod ekstrem nedb\u00f8r. L\u00e6s om vores m\u00e5linger og samarbejde med DMI her.","breadcrumb":{"@id":"https:\/\/natureimpact.com\/da\/nyheder\/klimasikring-ved-hjaelp-af-groenne-tage\/#breadcrumb"},"inLanguage":"da-DK","potentialAction":[{"@type":"ReadAction","target":["https:\/\/natureimpact.com\/da\/nyheder\/klimasikring-ved-hjaelp-af-groenne-tage\/"]}]},{"@type":"ImageObject","inLanguage":"da-DK","@id":"https:\/\/natureimpact.com\/da\/nyheder\/klimasikring-ved-hjaelp-af-groenne-tage\/#primaryimage","url":"https:\/\/natureimpact.com\/wp-content\/uploads\/2024\/05\/Tag_slope_rain.jpg","contentUrl":"https:\/\/natureimpact.com\/wp-content\/uploads\/2024\/05\/Tag_slope_rain.jpg","width":1200,"height":900},{"@type":"BreadcrumbList","@id":"https:\/\/natureimpact.com\/da\/nyheder\/klimasikring-ved-hjaelp-af-groenne-tage\/#breadcrumb","itemListElement":[{"@type":"ListItem","position":1,"name":"Forside","item":"https:\/\/natureimpact.com\/da\/"},{"@type":"ListItem","position":2,"name":"Klimasikring ved hj\u00e6lp af gr\u00f8nne tage kr\u00e6ver virkelige tests"}]},{"@type":"WebSite","@id":"https:\/\/natureimpact.com\/da\/#website","url":"https:\/\/natureimpact.com\/da\/","name":"Nature Impact","description":"","publisher":{"@id":"https:\/\/natureimpact.com\/da\/#organization"},"potentialAction":[{"@type":"SearchAction","target":{"@type":"EntryPoint","urlTemplate":"https:\/\/natureimpact.com\/da\/?s={search_term_string}"},"query-input":{"@type":"PropertyValueSpecification","valueRequired":true,"valueName":"search_term_string"}}],"inLanguage":"da-DK"},{"@type":"Organization","@id":"https:\/\/natureimpact.com\/da\/#organization","name":"Nature Impact","url":"https:\/\/natureimpact.com\/da\/","logo":{"@type":"ImageObject","inLanguage":"da-DK","@id":"https:\/\/natureimpact.com\/da\/#\/schema\/logo\/image\/","url":"https:\/\/natureimpact.com\/wp-content\/uploads\/2025\/05\/NI_900px.png","contentUrl":"https:\/\/natureimpact.com\/wp-content\/uploads\/2025\/05\/NI_900px.png","width":929,"height":841,"caption":"Nature Impact"},"image":{"@id":"https:\/\/natureimpact.com\/da\/#\/schema\/logo\/image\/"}},{"@type":"Person","@id":"https:\/\/natureimpact.com\/da\/#\/schema\/person\/fc9fc593ca8242fdea4c2a053f947115","name":"nature","image":{"@type":"ImageObject","inLanguage":"da-DK","@id":"https:\/\/secure.gravatar.com\/avatar\/af213d8d9e624f500c340ee7c072af8a4460782a3df0188bb971f9e12e0a9107?s=96&d=mm&r=g","url":"https:\/\/secure.gravatar.com\/avatar\/af213d8d9e624f500c340ee7c072af8a4460782a3df0188bb971f9e12e0a9107?s=96&d=mm&r=g","contentUrl":"https:\/\/secure.gravatar.com\/avatar\/af213d8d9e624f500c340ee7c072af8a4460782a3df0188bb971f9e12e0a9107?s=96&d=mm&r=g","caption":"nature"},"sameAs":["https:\/\/natureimpact.com\/da\/"]}]}},"_links":{"self":[{"href":"https:\/\/natureimpact.com\/da\/wp-json\/wp\/v2\/posts\/3673","targetHints":{"allow":["GET"]}}],"collection":[{"href":"https:\/\/natureimpact.com\/da\/wp-json\/wp\/v2\/posts"}],"about":[{"href":"https:\/\/natureimpact.com\/da\/wp-json\/wp\/v2\/types\/post"}],"author":[{"embeddable":true,"href":"https:\/\/natureimpact.com\/da\/wp-json\/wp\/v2\/users\/1"}],"replies":[{"embeddable":true,"href":"https:\/\/natureimpact.com\/da\/wp-json\/wp\/v2\/comments?post=3673"}],"version-history":[{"count":15,"href":"https:\/\/natureimpact.com\/da\/wp-json\/wp\/v2\/posts\/3673\/revisions"}],"predecessor-version":[{"id":8955,"href":"https:\/\/natureimpact.com\/da\/wp-json\/wp\/v2\/posts\/3673\/revisions\/8955"}],"wp:featuredmedia":[{"embeddable":true,"href":"https:\/\/natureimpact.com\/da\/wp-json\/wp\/v2\/media\/3674"}],"wp:attachment":[{"href":"https:\/\/natureimpact.com\/da\/wp-json\/wp\/v2\/media?parent=3673"}],"wp:term":[{"taxonomy":"category","embeddable":true,"href":"https:\/\/natureimpact.com\/da\/wp-json\/wp\/v2\/categories?post=3673"},{"taxonomy":"post_tag","embeddable":true,"href":"https:\/\/natureimpact.com\/da\/wp-json\/wp\/v2\/tags?post=3673"}],"curies":[{"name":"wp","href":"https:\/\/api.w.org\/{rel}","templated":true}]}}